{"id":22989930,"date":"2023-04-14T15:01:26","date_gmt":"2023-04-14T14:01:26","guid":{"rendered":"https:\/\/dulce-academy.com\/?p=22989930"},"modified":"2023-04-14T15:08:33","modified_gmt":"2023-04-14T14:08:33","slug":"el-nuevo-recreo-disponible-para-el-proximo-curso-escolar","status":"publish","type":"post","link":"https:\/\/dulce-academy.com\/es\/el-nuevo-recreo-disponible-para-el-proximo-curso-escolar\/","title":{"rendered":"Estrenaremos recreo en el pr\u00f3ximo curso escolar"},"content":{"rendered":"<p>El Colegio Dulce de Ginebra est\u00e1 inmerso en la renovaci\u00f3n del espacio de recreo y ocio de los alumnos, que estar\u00e1 disponible para el curso escolar 2024-2025.<\/p>\n<p>La reforma del espacio conlleva la mejora de la seguridad durante el tiempo de recreo, con el reforzado del pavimento con materiales seguros, como goma. Se multiplican as\u00ed las opciones de entretenimiento de los m\u00e1s peque\u00f1os, con diferentes vol\u00famenes, colores, formas y figuras; y con juegos al aire libre.<\/p>\n<p>Las obras de reforma comienzan en julio y estar\u00e1n finalizadas para el siguiente curso.<\/p>\n<p>Aqu\u00ed puede verse algunos ejemplos de patios de juego similares al que dispondremos en el colegio.<\/p>\n<p><img loading=\"lazy\" decoding=\"async\" class=\"alignnone wp-image-22989934\" src=\"https:\/\/dulce-academy.com\/wp-content\/uploads\/2023\/04\/ABMesa-de-trabajo-49-300x184.png\" alt=\"\" width=\"540\" height=\"331\" \/><\/p>\n<p>&nbsp;<\/p>\n","protected":false},"excerpt":{"rendered":"<p>El proyecto de reforma mejorar\u00e1 la seguridad y las oportunidades de juego y diversi\u00f3n para el recreo de los peque\u00f1os.<\/p>\n","protected":false},"author":5,"featured_media":22989932,"comment_status":"open","ping_status":"closed","sticky":false,"template":"","format":"standard","meta":{"_et_pb_use_builder":"","_et_pb_old_content":"","_et_gb_content_width":"","footnotes":""},"categories":[458],"tags":[],"dipi_cpt_category":[],"class_list":["post-22989930","post","type-post","status-publish","format-standard","has-post-thumbnail","hentry","category-noticias"],"yoast_head":"<!-- This site is optimized with the Yoast SEO plugin v27.4 - https:\/\/yoast.com\/product\/yoast-seo-wordpress\/ -->\n<title>Estrenaremos recreo en el pr\u00f3ximo curso escolar &#8211; Ecole Dulce \u00e0 Gen\u00e8ve | Dulce School in Geneva | Colegio de Dulce en Ginebra<\/title>\n<meta name=\"robots\" content=\"index, follow, max-snippet:-1, max-image-preview:large, max-video-preview:-1\" \/>\n<link rel=\"canonical\" href=\"https:\/\/dulce-academy.com\/es\/el-nuevo-recreo-disponible-para-el-proximo-curso-escolar\/\" \/>\n<meta property=\"og:locale\" content=\"es_ES\" \/>\n<meta property=\"og:type\" content=\"article\" \/>\n<meta property=\"og:title\" content=\"Estrenaremos recreo en el pr\u00f3ximo curso escolar &#8211; Ecole Dulce \u00e0 Gen\u00e8ve | Dulce School in Geneva | Colegio de Dulce en Ginebra\" \/>\n<meta property=\"og:description\" content=\"El proyecto de reforma mejorar\u00e1 la seguridad y las oportunidades de juego y diversi\u00f3n para el recreo de los peque\u00f1os.\" \/>\n<meta property=\"og:url\" content=\"https:\/\/dulce-academy.com\/es\/el-nuevo-recreo-disponible-para-el-proximo-curso-escolar\/\" \/>\n<meta property=\"og:site_name\" content=\"Ecole Dulce \u00e0 Gen\u00e8ve | Dulce School in Geneva | Colegio de Dulce en Ginebra\" \/>\n<meta property=\"article:published_time\" content=\"2023-04-14T14:01:26+00:00\" \/>\n<meta property=\"article:modified_time\" content=\"2023-04-14T14:08:33+00:00\" \/>\n<meta property=\"og:image\" content=\"https:\/\/dulce-academy.com\/wp-content\/uploads\/2023\/04\/AMesa-de-trabajo-45.png\" \/>\n\t<meta property=\"og:image:width\" content=\"1101\" \/>\n\t<meta property=\"og:image:height\" content=\"678\" \/>\n\t<meta property=\"og:image:type\" content=\"image\/png\" \/>\n<meta name=\"author\" content=\"\u00c9cole Dulce\" \/>\n<meta name=\"twitter:card\" content=\"summary_large_image\" \/>\n<meta name=\"twitter:creator\" content=\"@mantenimiento\" \/>\n<meta name=\"twitter:label1\" content=\"Escrito por\" \/>\n\t<meta name=\"twitter:data1\" content=\"\u00c9cole Dulce\" \/>\n\t<meta name=\"twitter:label2\" content=\"Tiempo de lectura\" \/>\n\t<meta name=\"twitter:data2\" content=\"1 minuto\" \/>\n<script type=\"application\/ld+json\" class=\"yoast-schema-graph\">{\"@context\":\"https:\\\/\\\/schema.org\",\"@graph\":[{\"@type\":[\"Article\",\"BlogPosting\"],\"@id\":\"https:\\\/\\\/dulce-academy.com\\\/es\\\/el-nuevo-recreo-disponible-para-el-proximo-curso-escolar\\\/#article\",\"isPartOf\":{\"@id\":\"https:\\\/\\\/dulce-academy.com\\\/es\\\/el-nuevo-recreo-disponible-para-el-proximo-curso-escolar\\\/\"},\"author\":{\"name\":\"\u00c9cole Dulce\",\"@id\":\"https:\\\/\\\/dulce-academy.com\\\/es\\\/#\\\/schema\\\/person\\\/8ef4c9759b322b2d71614583bc441dd2\"},\"headline\":\"Estrenaremos recreo en el pr\u00f3ximo curso escolar\",\"datePublished\":\"2023-04-14T14:01:26+00:00\",\"dateModified\":\"2023-04-14T14:08:33+00:00\",\"mainEntityOfPage\":{\"@id\":\"https:\\\/\\\/dulce-academy.com\\\/es\\\/el-nuevo-recreo-disponible-para-el-proximo-curso-escolar\\\/\"},\"wordCount\":120,\"commentCount\":0,\"publisher\":{\"@id\":\"https:\\\/\\\/dulce-academy.com\\\/es\\\/#organization\"},\"image\":{\"@id\":\"https:\\\/\\\/dulce-academy.com\\\/es\\\/el-nuevo-recreo-disponible-para-el-proximo-curso-escolar\\\/#primaryimage\"},\"thumbnailUrl\":\"https:\\\/\\\/dulce-academy.com\\\/wp-content\\\/uploads\\\/2023\\\/04\\\/AMesa-de-trabajo-45.png\",\"articleSection\":[\"Noticias\"],\"inLanguage\":\"es\"},{\"@type\":\"WebPage\",\"@id\":\"https:\\\/\\\/dulce-academy.com\\\/es\\\/el-nuevo-recreo-disponible-para-el-proximo-curso-escolar\\\/\",\"url\":\"https:\\\/\\\/dulce-academy.com\\\/es\\\/el-nuevo-recreo-disponible-para-el-proximo-curso-escolar\\\/\",\"name\":\"Estrenaremos recreo en el pr\u00f3ximo curso escolar &#8211; Ecole Dulce \u00e0 Gen\u00e8ve | Dulce School in Geneva | Colegio de Dulce en Ginebra\",\"isPartOf\":{\"@id\":\"https:\\\/\\\/dulce-academy.com\\\/es\\\/#website\"},\"primaryImageOfPage\":{\"@id\":\"https:\\\/\\\/dulce-academy.com\\\/es\\\/el-nuevo-recreo-disponible-para-el-proximo-curso-escolar\\\/#primaryimage\"},\"image\":{\"@id\":\"https:\\\/\\\/dulce-academy.com\\\/es\\\/el-nuevo-recreo-disponible-para-el-proximo-curso-escolar\\\/#primaryimage\"},\"thumbnailUrl\":\"https:\\\/\\\/dulce-academy.com\\\/wp-content\\\/uploads\\\/2023\\\/04\\\/AMesa-de-trabajo-45.png\",\"datePublished\":\"2023-04-14T14:01:26+00:00\",\"dateModified\":\"2023-04-14T14:08:33+00:00\",\"breadcrumb\":{\"@id\":\"https:\\\/\\\/dulce-academy.com\\\/es\\\/el-nuevo-recreo-disponible-para-el-proximo-curso-escolar\\\/#breadcrumb\"},\"inLanguage\":\"es\",\"potentialAction\":[{\"@type\":\"ReadAction\",\"target\":[\"https:\\\/\\\/dulce-academy.com\\\/es\\\/el-nuevo-recreo-disponible-para-el-proximo-curso-escolar\\\/\"]}]},{\"@type\":\"ImageObject\",\"inLanguage\":\"es\",\"@id\":\"https:\\\/\\\/dulce-academy.com\\\/es\\\/el-nuevo-recreo-disponible-para-el-proximo-curso-escolar\\\/#primaryimage\",\"url\":\"https:\\\/\\\/dulce-academy.com\\\/wp-content\\\/uploads\\\/2023\\\/04\\\/AMesa-de-trabajo-45.png\",\"contentUrl\":\"https:\\\/\\\/dulce-academy.com\\\/wp-content\\\/uploads\\\/2023\\\/04\\\/AMesa-de-trabajo-45.png\",\"width\":1101,\"height\":678},{\"@type\":\"BreadcrumbList\",\"@id\":\"https:\\\/\\\/dulce-academy.com\\\/es\\\/el-nuevo-recreo-disponible-para-el-proximo-curso-escolar\\\/#breadcrumb\",\"itemListElement\":[{\"@type\":\"ListItem\",\"position\":1,\"name\":\"Portada\",\"item\":\"https:\\\/\\\/dulce-academy.com\\\/es\\\/\"},{\"@type\":\"ListItem\",\"position\":2,\"name\":\"Estrenaremos recreo en el pr\u00f3ximo curso escolar\"}]},{\"@type\":\"WebSite\",\"@id\":\"https:\\\/\\\/dulce-academy.com\\\/es\\\/#website\",\"url\":\"https:\\\/\\\/dulce-academy.com\\\/es\\\/\",\"name\":\"Ecole Dulce \u00e0 Gen\u00e8ve | Dulce School in Geneva | Colegio de Dulce en Ginebra\",\"description\":\"\u00c9cole d&#039;enseignement de base et \u00e9l\u00e9mentaire, PRE y PREP a Gen\u00e8ve\",\"publisher\":{\"@id\":\"https:\\\/\\\/dulce-academy.com\\\/es\\\/#organization\"},\"potentialAction\":[{\"@type\":\"SearchAction\",\"target\":{\"@type\":\"EntryPoint\",\"urlTemplate\":\"https:\\\/\\\/dulce-academy.com\\\/es\\\/?s={search_term_string}\"},\"query-input\":{\"@type\":\"PropertyValueSpecification\",\"valueRequired\":true,\"valueName\":\"search_term_string\"}}],\"inLanguage\":\"es\"},{\"@type\":\"Organization\",\"@id\":\"https:\\\/\\\/dulce-academy.com\\\/es\\\/#organization\",\"name\":\"Prop\u00f3s\",\"url\":\"https:\\\/\\\/dulce-academy.com\\\/es\\\/\",\"logo\":{\"@type\":\"ImageObject\",\"inLanguage\":\"es\",\"@id\":\"https:\\\/\\\/dulce-academy.com\\\/es\\\/#\\\/schema\\\/logo\\\/image\\\/\",\"url\":\"https:\\\/\\\/wearepropos.es\\\/wp-content\\\/uploads\\\/2022\\\/09\\\/props-sostenibilidad-esg-branding.jpg\",\"contentUrl\":\"https:\\\/\\\/wearepropos.es\\\/wp-content\\\/uploads\\\/2022\\\/09\\\/props-sostenibilidad-esg-branding.jpg\",\"width\":2500,\"height\":1667,\"caption\":\"Prop\u00f3s\"},\"image\":{\"@id\":\"https:\\\/\\\/dulce-academy.com\\\/es\\\/#\\\/schema\\\/logo\\\/image\\\/\"}},{\"@type\":\"Person\",\"@id\":\"https:\\\/\\\/dulce-academy.com\\\/es\\\/#\\\/schema\\\/person\\\/8ef4c9759b322b2d71614583bc441dd2\",\"name\":\"\u00c9cole Dulce\",\"image\":{\"@type\":\"ImageObject\",\"inLanguage\":\"es\",\"@id\":\"https:\\\/\\\/secure.gravatar.com\\\/avatar\\\/87fec2884f260c5fb94e55c200adfa9397e173da5b60b7db461f7c56c753bd2a?s=96&d=mm&r=g\",\"url\":\"https:\\\/\\\/secure.gravatar.com\\\/avatar\\\/87fec2884f260c5fb94e55c200adfa9397e173da5b60b7db461f7c56c753bd2a?s=96&d=mm&r=g\",\"contentUrl\":\"https:\\\/\\\/secure.gravatar.com\\\/avatar\\\/87fec2884f260c5fb94e55c200adfa9397e173da5b60b7db461f7c56c753bd2a?s=96&d=mm&r=g\",\"caption\":\"\u00c9cole Dulce\"},\"sameAs\":[\"https:\\\/\\\/dulces-academy.com\",\"https:\\\/\\\/x.com\\\/mantenimiento\"]}]}<\/script>\n<!-- \/ Yoast SEO plugin. -->","yoast_head_json":{"title":"Estrenaremos recreo en el pr\u00f3ximo curso escolar &#8211; Ecole Dulce \u00e0 Gen\u00e8ve | Dulce School in Geneva | Colegio de Dulce en Ginebra","robots":{"index":"index","follow":"follow","max-snippet":"max-snippet:-1","max-image-preview":"max-image-preview:large","max-video-preview":"max-video-preview:-1"},"canonical":"https:\/\/dulce-academy.com\/es\/el-nuevo-recreo-disponible-para-el-proximo-curso-escolar\/","og_locale":"es_ES","og_type":"article","og_title":"Estrenaremos recreo en el pr\u00f3ximo curso escolar &#8211; Ecole Dulce \u00e0 Gen\u00e8ve | Dulce School in Geneva | Colegio de Dulce en Ginebra","og_description":"El proyecto de reforma mejorar\u00e1 la seguridad y las oportunidades de juego y diversi\u00f3n para el recreo de los peque\u00f1os.","og_url":"https:\/\/dulce-academy.com\/es\/el-nuevo-recreo-disponible-para-el-proximo-curso-escolar\/","og_site_name":"Ecole Dulce \u00e0 Gen\u00e8ve | Dulce School in Geneva | Colegio de Dulce en Ginebra","article_published_time":"2023-04-14T14:01:26+00:00","article_modified_time":"2023-04-14T14:08:33+00:00","og_image":[{"width":1101,"height":678,"url":"https:\/\/dulce-academy.com\/wp-content\/uploads\/2023\/04\/AMesa-de-trabajo-45.png","type":"image\/png"}],"author":"\u00c9cole Dulce","twitter_card":"summary_large_image","twitter_creator":"@mantenimiento","twitter_misc":{"Escrito por":"\u00c9cole Dulce","Tiempo de lectura":"1 minuto"},"schema":{"@context":"https:\/\/schema.org","@graph":[{"@type":["Article","BlogPosting"],"@id":"https:\/\/dulce-academy.com\/es\/el-nuevo-recreo-disponible-para-el-proximo-curso-escolar\/#article","isPartOf":{"@id":"https:\/\/dulce-academy.com\/es\/el-nuevo-recreo-disponible-para-el-proximo-curso-escolar\/"},"author":{"name":"\u00c9cole Dulce","@id":"https:\/\/dulce-academy.com\/es\/#\/schema\/person\/8ef4c9759b322b2d71614583bc441dd2"},"headline":"Estrenaremos recreo en el pr\u00f3ximo curso escolar","datePublished":"2023-04-14T14:01:26+00:00","dateModified":"2023-04-14T14:08:33+00:00","mainEntityOfPage":{"@id":"https:\/\/dulce-academy.com\/es\/el-nuevo-recreo-disponible-para-el-proximo-curso-escolar\/"},"wordCount":120,"commentCount":0,"publisher":{"@id":"https:\/\/dulce-academy.com\/es\/#organization"},"image":{"@id":"https:\/\/dulce-academy.com\/es\/el-nuevo-recreo-disponible-para-el-proximo-curso-escolar\/#primaryimage"},"thumbnailUrl":"https:\/\/dulce-academy.com\/wp-content\/uploads\/2023\/04\/AMesa-de-trabajo-45.png","articleSection":["Noticias"],"inLanguage":"es"},{"@type":"WebPage","@id":"https:\/\/dulce-academy.com\/es\/el-nuevo-recreo-disponible-para-el-proximo-curso-escolar\/","url":"https:\/\/dulce-academy.com\/es\/el-nuevo-recreo-disponible-para-el-proximo-curso-escolar\/","name":"Estrenaremos recreo en el pr\u00f3ximo curso escolar &#8211; Ecole Dulce \u00e0 Gen\u00e8ve | Dulce School in Geneva | Colegio de Dulce en Ginebra","isPartOf":{"@id":"https:\/\/dulce-academy.com\/es\/#website"},"primaryImageOfPage":{"@id":"https:\/\/dulce-academy.com\/es\/el-nuevo-recreo-disponible-para-el-proximo-curso-escolar\/#primaryimage"},"image":{"@id":"https:\/\/dulce-academy.com\/es\/el-nuevo-recreo-disponible-para-el-proximo-curso-escolar\/#primaryimage"},"thumbnailUrl":"https:\/\/dulce-academy.com\/wp-content\/uploads\/2023\/04\/AMesa-de-trabajo-45.png","datePublished":"2023-04-14T14:01:26+00:00","dateModified":"2023-04-14T14:08:33+00:00","breadcrumb":{"@id":"https:\/\/dulce-academy.com\/es\/el-nuevo-recreo-disponible-para-el-proximo-curso-escolar\/#breadcrumb"},"inLanguage":"es","potentialAction":[{"@type":"ReadAction","target":["https:\/\/dulce-academy.com\/es\/el-nuevo-recreo-disponible-para-el-proximo-curso-escolar\/"]}]},{"@type":"ImageObject","inLanguage":"es","@id":"https:\/\/dulce-academy.com\/es\/el-nuevo-recreo-disponible-para-el-proximo-curso-escolar\/#primaryimage","url":"https:\/\/dulce-academy.com\/wp-content\/uploads\/2023\/04\/AMesa-de-trabajo-45.png","contentUrl":"https:\/\/dulce-academy.com\/wp-content\/uploads\/2023\/04\/AMesa-de-trabajo-45.png","width":1101,"height":678},{"@type":"BreadcrumbList","@id":"https:\/\/dulce-academy.com\/es\/el-nuevo-recreo-disponible-para-el-proximo-curso-escolar\/#breadcrumb","itemListElement":[{"@type":"ListItem","position":1,"name":"Portada","item":"https:\/\/dulce-academy.com\/es\/"},{"@type":"ListItem","position":2,"name":"Estrenaremos recreo en el pr\u00f3ximo curso escolar"}]},{"@type":"WebSite","@id":"https:\/\/dulce-academy.com\/es\/#website","url":"https:\/\/dulce-academy.com\/es\/","name":"Ecole Dulce \u00e0 Gen\u00e8ve | Dulce School in Geneva | Colegio de Dulce en Ginebra","description":"\u00c9cole d&#039;enseignement de base et \u00e9l\u00e9mentaire, PRE y PREP a Gen\u00e8ve","publisher":{"@id":"https:\/\/dulce-academy.com\/es\/#organization"},"potentialAction":[{"@type":"SearchAction","target":{"@type":"EntryPoint","urlTemplate":"https:\/\/dulce-academy.com\/es\/?s={search_term_string}"},"query-input":{"@type":"PropertyValueSpecification","valueRequired":true,"valueName":"search_term_string"}}],"inLanguage":"es"},{"@type":"Organization","@id":"https:\/\/dulce-academy.com\/es\/#organization","name":"Prop\u00f3s","url":"https:\/\/dulce-academy.com\/es\/","logo":{"@type":"ImageObject","inLanguage":"es","@id":"https:\/\/dulce-academy.com\/es\/#\/schema\/logo\/image\/","url":"https:\/\/wearepropos.es\/wp-content\/uploads\/2022\/09\/props-sostenibilidad-esg-branding.jpg","contentUrl":"https:\/\/wearepropos.es\/wp-content\/uploads\/2022\/09\/props-sostenibilidad-esg-branding.jpg","width":2500,"height":1667,"caption":"Prop\u00f3s"},"image":{"@id":"https:\/\/dulce-academy.com\/es\/#\/schema\/logo\/image\/"}},{"@type":"Person","@id":"https:\/\/dulce-academy.com\/es\/#\/schema\/person\/8ef4c9759b322b2d71614583bc441dd2","name":"\u00c9cole Dulce","image":{"@type":"ImageObject","inLanguage":"es","@id":"https:\/\/secure.gravatar.com\/avatar\/87fec2884f260c5fb94e55c200adfa9397e173da5b60b7db461f7c56c753bd2a?s=96&d=mm&r=g","url":"https:\/\/secure.gravatar.com\/avatar\/87fec2884f260c5fb94e55c200adfa9397e173da5b60b7db461f7c56c753bd2a?s=96&d=mm&r=g","contentUrl":"https:\/\/secure.gravatar.com\/avatar\/87fec2884f260c5fb94e55c200adfa9397e173da5b60b7db461f7c56c753bd2a?s=96&d=mm&r=g","caption":"\u00c9cole Dulce"},"sameAs":["https:\/\/dulces-academy.com","https:\/\/x.com\/mantenimiento"]}]}},"_links":{"self":[{"href":"https:\/\/dulce-academy.com\/es\/wp-json\/wp\/v2\/posts\/22989930","targetHints":{"allow":["GET"]}}],"collection":[{"href":"https:\/\/dulce-academy.com\/es\/wp-json\/wp\/v2\/posts"}],"about":[{"href":"https:\/\/dulce-academy.com\/es\/wp-json\/wp\/v2\/types\/post"}],"author":[{"embeddable":true,"href":"https:\/\/dulce-academy.com\/es\/wp-json\/wp\/v2\/users\/5"}],"replies":[{"embeddable":true,"href":"https:\/\/dulce-academy.com\/es\/wp-json\/wp\/v2\/comments?post=22989930"}],"version-history":[{"count":3,"href":"https:\/\/dulce-academy.com\/es\/wp-json\/wp\/v2\/posts\/22989930\/revisions"}],"predecessor-version":[{"id":22989940,"href":"https:\/\/dulce-academy.com\/es\/wp-json\/wp\/v2\/posts\/22989930\/revisions\/22989940"}],"wp:featuredmedia":[{"embeddable":true,"href":"https:\/\/dulce-academy.com\/es\/wp-json\/wp\/v2\/media\/22989932"}],"wp:attachment":[{"href":"https:\/\/dulce-academy.com\/es\/wp-json\/wp\/v2\/media?parent=22989930"}],"wp:term":[{"taxonomy":"category","embeddable":true,"href":"https:\/\/dulce-academy.com\/es\/wp-json\/wp\/v2\/categories?post=22989930"},{"taxonomy":"post_tag","embeddable":true,"href":"https:\/\/dulce-academy.com\/es\/wp-json\/wp\/v2\/tags?post=22989930"},{"taxonomy":"dipi_cpt_category","embeddable":true,"href":"https:\/\/dulce-academy.com\/es\/wp-json\/wp\/v2\/dipi_cpt_category?post=22989930"}],"curies":[{"name":"wp","href":"https:\/\/api.w.org\/{rel}","templated":true}]}}